{"id":77,"date":"2026-03-23T21:57:31","date_gmt":"2026-03-23T20:57:31","guid":{"rendered":"https:\/\/mwfischer.ch\/dasmedaillon\/?p=77"},"modified":"2026-04-03T21:49:50","modified_gmt":"2026-04-03T19:49:50","slug":"buch-veroeffentlichung","status":"publish","type":"post","link":"https:\/\/mwfischer.ch\/dasmedaillon\/buch-veroeffentlichung\/","title":{"rendered":"Buch Ver\u00f6ffentlichung"},"content":{"rendered":"<p><img loading=\"lazy\" decoding=\"async\" class=\"alignnone wp-image-69 size-large\" src=\"https:\/\/mwfischer.ch\/dasmedaillon\/wp-content\/uploads\/sites\/7\/2026\/03\/hf_20260322_183324_019fc1b5-b672-4e49-bad2-b4f0f9150121-1024x572.jpeg\" alt=\"\" width=\"750\" height=\"419\" srcset=\"https:\/\/mwfischer.ch\/dasmedaillon\/wp-content\/uploads\/sites\/7\/2026\/03\/hf_20260322_183324_019fc1b5-b672-4e49-bad2-b4f0f9150121-1024x572.jpeg 1024w, https:\/\/mwfischer.ch\/dasmedaillon\/wp-content\/uploads\/sites\/7\/2026\/03\/hf_20260322_183324_019fc1b5-b672-4e49-bad2-b4f0f9150121-300x168.jpeg 300w, https:\/\/mwfischer.ch\/dasmedaillon\/wp-content\/uploads\/sites\/7\/2026\/03\/hf_20260322_183324_019fc1b5-b672-4e49-bad2-b4f0f9150121-768x429.jpeg 768w, https:\/\/mwfischer.ch\/dasmedaillon\/wp-content\/uploads\/sites\/7\/2026\/03\/hf_20260322_183324_019fc1b5-b672-4e49-bad2-b4f0f9150121-1536x858.jpeg 1536w, https:\/\/mwfischer.ch\/dasmedaillon\/wp-content\/uploads\/sites\/7\/2026\/03\/hf_20260322_183324_019fc1b5-b672-4e49-bad2-b4f0f9150121.jpeg 1920w\" sizes=\"auto, (max-width: 750px) 100vw, 750px\" \/><\/p>\n<p>Das Buch &#8222;Das Medaillon&#8220; ist hochgeladen und freigegeben. Jetzt dauert es noch ein paar Wochen, bis es ver\u00f6ffentlicht und im Buchhandel kaufbar ist.<\/p>\n<p>Aber, pssst, man kann es als E-Book jetzt schon kaufen: Im <a href=\"https:\/\/mwfischer.ch\/shop\">M. W. Fischers Buch-Shop &#8222;B\u00fccher vom Erzeuger&#8220;<\/a>.<\/p>\n<p>F\u00fcr die Buch-Launch-Party konnte ich die Protagonistin, Amber Ames, aus Hollywood gewinnen. Sie hat erst k\u00fcrzlich ihr erstes Album &#8222;Amber&#8220; ver\u00f6ffentlicht und weiss aus eigener Erfahrung, wie man sich bei einer Ver\u00f6ffentlichung f\u00fchlt.<\/p>\n<p><img loading=\"lazy\" decoding=\"async\" class=\"alignnone wp-image-75 size-large\" src=\"https:\/\/mwfischer.ch\/dasmedaillon\/wp-content\/uploads\/sites\/7\/2026\/03\/Cover-Medaillon-Grundbild-1024x1024.jpg\" alt=\"\" width=\"750\" height=\"750\" srcset=\"https:\/\/mwfischer.ch\/dasmedaillon\/wp-content\/uploads\/sites\/7\/2026\/03\/Cover-Medaillon-Grundbild-1024x1024.jpg 1024w, https:\/\/mwfischer.ch\/dasmedaillon\/wp-content\/uploads\/sites\/7\/2026\/03\/Cover-Medaillon-Grundbild-300x300.jpg 300w, https:\/\/mwfischer.ch\/dasmedaillon\/wp-content\/uploads\/sites\/7\/2026\/03\/Cover-Medaillon-Grundbild-150x150.jpg 150w, https:\/\/mwfischer.ch\/dasmedaillon\/wp-content\/uploads\/sites\/7\/2026\/03\/Cover-Medaillon-Grundbild-768x768.jpg 768w, https:\/\/mwfischer.ch\/dasmedaillon\/wp-content\/uploads\/sites\/7\/2026\/03\/Cover-Medaillon-Grundbild-70x70.jpg 70w, https:\/\/mwfischer.ch\/dasmedaillon\/wp-content\/uploads\/sites\/7\/2026\/03\/Cover-Medaillon-Grundbild.jpg 1536w\" sizes=\"auto, (max-width: 750px) 100vw, 750px\" \/><\/p>\n<p>In diesem herrschaftlichen S\u00fcdstaaten-Mansion haben wir uns getroffen und die grosse Ver\u00f6ffentlichung gefeiert.<\/p>\n<p><img loading=\"lazy\" decoding=\"async\" class=\"alignnone wp-image-71 size-large\" src=\"https:\/\/mwfischer.ch\/dasmedaillon\/wp-content\/uploads\/sites\/7\/2026\/03\/hf_20260322_182713_bc59788f-4517-46af-b06f-21a8da13b7a5-1024x572.png\" alt=\"\" width=\"750\" height=\"419\" srcset=\"https:\/\/mwfischer.ch\/dasmedaillon\/wp-content\/uploads\/sites\/7\/2026\/03\/hf_20260322_182713_bc59788f-4517-46af-b06f-21a8da13b7a5-1024x572.png 1024w, https:\/\/mwfischer.ch\/dasmedaillon\/wp-content\/uploads\/sites\/7\/2026\/03\/hf_20260322_182713_bc59788f-4517-46af-b06f-21a8da13b7a5-300x168.png 300w, https:\/\/mwfischer.ch\/dasmedaillon\/wp-content\/uploads\/sites\/7\/2026\/03\/hf_20260322_182713_bc59788f-4517-46af-b06f-21a8da13b7a5-768x429.png 768w, https:\/\/mwfischer.ch\/dasmedaillon\/wp-content\/uploads\/sites\/7\/2026\/03\/hf_20260322_182713_bc59788f-4517-46af-b06f-21a8da13b7a5-1536x858.png 1536w, https:\/\/mwfischer.ch\/dasmedaillon\/wp-content\/uploads\/sites\/7\/2026\/03\/hf_20260322_182713_bc59788f-4517-46af-b06f-21a8da13b7a5.png 1920w\" sizes=\"auto, (max-width: 750px) 100vw, 750px\" \/><\/p>\n","protected":false},"excerpt":{"rendered":"<p>Das Buch &#8222;Das Medaillon&#8220; ist hochgeladen und freigegeben. Jetzt dauert es noch ein paar Wochen, bis es ver\u00f6ffentlicht und im Buchhandel kaufbar ist. Aber, pssst, man kann es als E-Book jetzt schon kaufen: Im M. W. Fischers Buch-Shop &#8222;B\u00fccher vom Erzeuger&#8220;. F\u00fcr die Buch-Launch-Party konnte &hellip; <\/p>\n","protected":false},"author":1,"featured_media":0,"comment_status":"closed","ping_status":"open","sticky":false,"template":"","format":"standard","meta":{"footnotes":""},"categories":[1],"tags":[],"class_list":["post-77","post","type-post","status-publish","format-standard","hentry","category-allgemein"],"_links":{"self":[{"href":"https:\/\/mwfischer.ch\/dasmedaillon\/wp-json\/wp\/v2\/posts\/77","targetHints":{"allow":["GET"]}}],"collection":[{"href":"https:\/\/mwfischer.ch\/dasmedaillon\/wp-json\/wp\/v2\/posts"}],"about":[{"href":"https:\/\/mwfischer.ch\/dasmedaillon\/wp-json\/wp\/v2\/types\/post"}],"author":[{"embeddable":true,"href":"https:\/\/mwfischer.ch\/dasmedaillon\/wp-json\/wp\/v2\/users\/1"}],"replies":[{"embeddable":true,"href":"https:\/\/mwfischer.ch\/dasmedaillon\/wp-json\/wp\/v2\/comments?post=77"}],"version-history":[{"count":3,"href":"https:\/\/mwfischer.ch\/dasmedaillon\/wp-json\/wp\/v2\/posts\/77\/revisions"}],"predecessor-version":[{"id":80,"href":"https:\/\/mwfischer.ch\/dasmedaillon\/wp-json\/wp\/v2\/posts\/77\/revisions\/80"}],"wp:attachment":[{"href":"https:\/\/mwfischer.ch\/dasmedaillon\/wp-json\/wp\/v2\/media?parent=77"}],"wp:term":[{"taxonomy":"category","embeddable":true,"href":"https:\/\/mwfischer.ch\/dasmedaillon\/wp-json\/wp\/v2\/categories?post=77"},{"taxonomy":"post_tag","embeddable":true,"href":"https:\/\/mwfischer.ch\/dasmedaillon\/wp-json\/wp\/v2\/tags?post=77"}],"curies":[{"name":"wp","href":"https:\/\/api.w.org\/{rel}","templated":true}]}}